{"id":7392,"date":"2024-01-31T10:57:12","date_gmt":"2024-01-31T09:57:12","guid":{"rendered":"https:\/\/actide.com\/istituto-neurologico-carlo-besta\/"},"modified":"2026-04-08T10:29:25","modified_gmt":"2026-04-08T08:29:25","slug":"istituto-neurologico-carlo-besta","status":"publish","type":"post","link":"https:\/\/actide.com\/it\/istituto-neurologico-carlo-besta\/","title":{"rendered":"Istituto Neurologico Carlo Besta"},"content":{"rendered":"\n<h2 class=\"wp-block-heading\">Protocollo Diagnostico e Terapeutico (DTP) per la Popolazione e i Pazienti con Demenza<\/h2>\n\n<h3 class=\"wp-block-heading\">ASL MILANO \u2013 Coordinamento scientifico: Istituto Neurologico Carlo Besta Chirchiglia S.\u2013 Filippini G. \u2013 Morbin M. \u2013 Caccioppoli R. \u2013 Moser P. \u2013 Tramacere I.<\/h3>\n\n<p class=\"wp-block-paragraph\">Secondo il Centro Nazionale di Epidemiologia, tra l&#8217;1% e il 5% della popolazione over 65 e il 30% degli over 80 \u00e8 affetto da demenza senile. Dati che portano a un conto di oltre 20.000 casi nella sola citt\u00e0 di Milano. L&#8217;Alzheimer \u00e8 la diagnosi pi\u00f9 comune, con oltre il 50% dei casi rilevati. Si stima che in Europa entro il 2030 si conteranno oltre 65 milioni di persone affette da Alzheimer. L&#8217;Istituto Neurologico Carlo Besta, in collaborazione con il Ministero della Salute italiano, ha sviluppato e validato un protocollo per la diagnosi precoce dell&#8217;Alzheimer. Tale protocollo prevede una fase di ricerca su \u201cmarcatori biologici e generici\u201d, diagnosi, test cognitivo-comportamentali e linee guida per l\u2019implementazione di connessioni efficienti tra ospedale e assistenza primaria focalizzata sulla demenza. A tale scopo \u00e8 stata istituita una task force con il nome identificativo del progetto PDTAR (Percorsi di Cura Preventivi \u2013 Diagnostici \u2013 Terapeutici \u2013 Riabilitativi) per i pazienti affetti da Demenza. Tale task force \u00e8 guidata dall\u2019ASL di Milano con il coordinamento scientifico della Dott. ssa Graziella Filippini, Direttore del reparto di Neuroepidemiologia dell\u2019Istituto Besta. Le linee guida del PDTAR sono state redatte dal Dott. Saverio Chirchiglia, Direttore della Struttura Complessa Distretto 4 dell\u2019ASL di Milano: Appropriatezza \u2013 Una diagnosi corretta \u00e8 un prerequisito fondamentale, poich\u00e9 errori diagnostici e\/o terapeutici possono causare danni ai pazienti e ai loro familiari, nonch\u00e9 portare a un uso improprio dei farmaci, frequenti ricoveri ospedalieri, richieste ripetitive di consulenza medica e un aumento del numero degli accessi al pronto soccorso. Integrazione tra professionisti sanitari \u2013 creazione di una rete di supporto multi-player, dove Medici di Medicina Generale (MMG), Neurologi specialisti o Geriatri e Centri per la condizione di fragilit\u00e0 collegati sono attivamente collegati ai servizi sociali e si impegnano a garantire diagnosi, prevenzione e trattamenti appropriati. Ruolo centrale dei MMG in questo processo \u2013 i MMG informano e supportano le famiglie, identificano i soggetti a rischio, valutano e indirizzano i pazienti, assicurano il follow-up.          <\/p>\n\n<h3 class=\"wp-block-heading\">Ruolo di ACTide all&#8217;interno del progetto<\/h3>\n\n<p class=\"wp-block-paragraph\">Il ruolo di ACTide \u00e8 operativo nella generazione di una cartella clinica condivisa e di un flusso di lavoro tra MMG, Neurologi presso Ospedali e &#8220;Centri per la fragilit\u00e0&#8221;, Operatori di assistenza al paziente assegnati dall&#8217;ASL e centro di supervisione. Ci\u00f2 porta a un coordinamento completo tra le parti.<\/p>\n\n<ul class=\"wp-block-list\">\n<li>Integrazione con il portale Agor@sl (sistema informativo gestito dall&#8217;ASL di Milano).<\/li>\n\n\n\n<li>Impostazione del database e fornitura di strumenti di recupero ed esportazione delle informazioni.<\/li>\n\n\n\n<li>Hosting online del progetto su una piattaforma sicura e convalidata.<\/li>\n\n\n\n<li>Partecipazione a sessioni di formazione per MMG.<\/li>\n<\/ul>\n\n<h3 class=\"wp-block-heading\">Fattori critici: tempi di consegna brevi.<\/h3>\n\n<p class=\"wp-block-paragraph\"><strong>31 marzo 2013<\/strong>:<\/p>\n\n<p class=\"wp-block-paragraph\">chiusura della fase di reclutamento degli specialisti clinici. Non appena raggiunto il numero di iscrizioni richiesto, il progetto \u00e8 stato confermato e avviato l&#8217;implementazione dell&#8217;infrastruttura IT. <\/p>\n\n<p class=\"wp-block-paragraph\"><strong>15 maggio 2013:<\/strong><\/p>\n\n<ul class=\"wp-block-list\">\n<li>Pubblicazione online dell&#8217;applicazione Dementia.<br\/><\/li>\n\n\n\n<li>Prima sessione di formazione per i medici di base.<\/li>\n<\/ul>\n\n<h3 class=\"wp-block-heading\">Interoperabilit\u00e0 richiesta con il portale Agor@s<\/h3>\n\n<p class=\"wp-block-paragraph\">Ideare un sistema che consentisse ai medici di base di utilizzare un login univoco, sia per la creazione della cartella del paziente sia per l&#8217;importazione automatica di qualsiasi dato esistente nel sistema informativo dell&#8217;ASL appartenente allo stesso soggetto, era uno dei requisiti chiave per garantire una partecipazione attiva dei medici al PDTAR e un afflusso di segnalazioni di casi critici in linea con i dati epidemiologici. Il numero previsto di casi evidenziati per ciascun medico di base era di 22\/27. A pochi giorni dall\u2019assegnazione del progetto, Nubilaria ha elaborato la strategia per fornire una completa interoperabilit\u00e0 tramite i servizi web, cos\u00ec come concordato con il Dott. Stefano Beligni, Servizi IT ASL Milano, tramite procedure condivise e sicure di scambio selettivo di dati. <\/p>\n\n<h3 class=\"wp-block-heading\">Risultato<\/h3>\n\n<p class=\"wp-block-paragraph\">I risultati del progetto hanno dimostrato che l\u2019implementazione del PDTAR ha migliorato l\u2019appropriatezza dei casi indirizzati agli specialisti. I medici di base, grazie ai corsi di formazione e al contatto diretto con gli specialisti, hanno acquisito una maggiore consapevolezza sulla Demenza e una maggiore capacit\u00e0 di valutare autonomamente le condizioni del paziente, utilizzando un semplice strumento per la rilevazione del decadimento cognitivo (Mini-Mental Examination State \u2013 MMSE).<br\/>L\u2019uso della cartella clinica elettronica condivisa \u00e8 stato immediato e ha facilitato la comunicazione tra medici di base e specialisti.<br\/>La compliance dei medici, in termini di numero di casi segnalati e gestiti, ha superato di gran lunga le aspettative. Il centro di coordinamento del progetto ha fornito supporto organizzativo ai pazienti, ai loro familiari, ai medici di base, agli specialisti, ed \u00e8 stato determinante nell&#8217;attivazione di un canale preferenziale per i pazienti con sospetto deterioramento cognitivo, riducendo i tempi di attesa per le visite specialistiche.  <\/p>\n\n<p class=\"wp-block-paragraph\"><strong>I numeri di questo progetto<\/strong><\/p>\n\n<p class=\"wp-block-paragraph\">Il progetto coinvolge:<\/p>\n\n<ul class=\"wp-block-list\">\n<li><strong>2800 pazienti con deterioramento cognitivo precoce o demenza. Queste persone sono attualmente seguite secondo le istruzioni PDTA <\/strong><\/li>\n\n\n\n<li><strong>500 medici di medicina generale<\/strong><\/li>\n\n\n\n<li><strong>18 ambulatori locali (Neurologia e Geriatria), facenti parte dell&#8217;Ospedale &#8220;Istituti Clinici di Perfezionamento (ICP)&#8221;<\/strong><\/li>\n\n\n\n<li><strong>13 Unit\u00e0 ospedaliere per la valutazione Alzheimer (UVA)<\/strong><\/li>\n\n\n\n<li><strong>19 &#8220;Centri di Fragilit\u00e0&#8221; distrettuali<\/strong><\/li>\n\n\n\n<li><strong>19 Punti di Fragilit\u00e0 territoriali.<\/strong><\/li>\n<\/ul>\n","protected":false},"excerpt":{"rendered":"<p>Protocollo Diagnostico e Terapeutico (DTP) per la Popolazione e i Pazienti con Demenza ASL MILANO \u2013 Coordinamento scientifico: Istituto Neurologico Carlo Besta Chirchiglia S.\u2013 Filippini G. \u2013 Morbin M. \u2013 Caccioppoli R. \u2013 Moser P. \u2013 Tramacere I. Secondo il Centro Nazionale di Epidemiologia, tra l&#8217;1% e il 5% della popolazione over 65 e il [&hellip;]<\/p>\n","protected":false},"author":3,"featured_media":7223,"comment_status":"open","ping_status":"open","sticky":false,"template":"","format":"standard","meta":{"_acf_changed":false,"footnotes":""},"categories":[36],"tags":[],"class_list":["post-7392","post","type-post","status-publish","format-standard","has-post-thumbnail","hentry","category-casi-studio"],"acf":[],"yoast_head":"<!-- This site is optimized with the Yoast SEO plugin v28.3 - https:\/\/yoast.com\/product\/yoast-seo-wordpress\/ -->\n<title>Istituto Neurologico Carlo Besta | Nubilaria Actide<\/title>\n<meta name=\"description\" content=\"ACTide come soluzione per l\u2019Istituto Neurologico Carlo Besta. Coinvolti medici e specialisti per monitorare e semplificare le cure sulla demenza.\" \/>\n<meta name=\"robots\" content=\"index, follow, max-snippet:-1, max-image-preview:large, max-video-preview:-1\" \/>\n<link rel=\"canonical\" href=\"https:\/\/actide.com\/it\/istituto-neurologico-carlo-besta\/\" \/>\n<meta property=\"og:locale\" content=\"it_IT\" \/>\n<meta property=\"og:type\" content=\"article\" \/>\n<meta property=\"og:title\" content=\"Istituto Neurologico Carlo Besta | Nubilaria Actide\" \/>\n<meta property=\"og:description\" content=\"ACTide come soluzione per l\u2019Istituto Neurologico Carlo Besta. Coinvolti medici e specialisti per monitorare e semplificare le cure sulla demenza.\" \/>\n<meta property=\"og:url\" content=\"https:\/\/actide.com\/it\/istituto-neurologico-carlo-besta\/\" \/>\n<meta property=\"og:site_name\" content=\"Nubilaria Actide\" \/>\n<meta property=\"article:published_time\" content=\"2024-01-31T09:57:12+00:00\" \/>\n<meta property=\"article:modified_time\" content=\"2026-04-08T08:29:25+00:00\" \/>\n<meta property=\"og:image\" content=\"https:\/\/actide.com\/wp-content\/uploads\/2024\/01\/carlo-besta-banner-desktop-1440.webp\" \/>\n\t<meta property=\"og:image:width\" content=\"1440\" \/>\n\t<meta property=\"og:image:height\" content=\"450\" \/>\n\t<meta property=\"og:image:type\" content=\"image\/webp\" \/>\n<meta name=\"author\" content=\"Matteo Carnelli\" \/>\n<meta name=\"twitter:card\" content=\"summary_large_image\" \/>\n<meta name=\"twitter:creator\" content=\"@ACTide_ecrf\" \/>\n<meta name=\"twitter:site\" content=\"@ACTide_ecrf\" \/>\n<meta name=\"twitter:label1\" content=\"Scritto da\" \/>\n\t<meta name=\"twitter:data1\" content=\"Matteo Carnelli\" \/>\n\t<meta name=\"twitter:label2\" content=\"Tempo di lettura stimato\" \/>\n\t<meta name=\"twitter:data2\" content=\"4 minuti\" \/>\n<script type=\"application\/ld+json\" class=\"yoast-schema-graph\">{\"@context\":\"https:\\\/\\\/schema.org\",\"@graph\":[{\"@type\":\"Article\",\"@id\":\"https:\\\/\\\/actide.com\\\/it\\\/istituto-neurologico-carlo-besta\\\/#article\",\"isPartOf\":{\"@id\":\"https:\\\/\\\/actide.com\\\/it\\\/istituto-neurologico-carlo-besta\\\/\"},\"author\":{\"name\":\"Matteo Carnelli\",\"@id\":\"https:\\\/\\\/actide.com\\\/it\\\/#\\\/schema\\\/person\\\/65d2e879f0835b0039d4c099936d15ee\"},\"headline\":\"Istituto Neurologico Carlo Besta\",\"datePublished\":\"2024-01-31T09:57:12+00:00\",\"dateModified\":\"2026-04-08T08:29:25+00:00\",\"mainEntityOfPage\":{\"@id\":\"https:\\\/\\\/actide.com\\\/it\\\/istituto-neurologico-carlo-besta\\\/\"},\"wordCount\":842,\"commentCount\":0,\"publisher\":{\"@id\":\"https:\\\/\\\/actide.com\\\/it\\\/#organization\"},\"image\":{\"@id\":\"https:\\\/\\\/actide.com\\\/it\\\/istituto-neurologico-carlo-besta\\\/#primaryimage\"},\"thumbnailUrl\":\"https:\\\/\\\/actide.com\\\/wp-content\\\/uploads\\\/2024\\\/01\\\/carlo-besta-banner-desktop-1440.webp\",\"articleSection\":[\"Casi Studio\"],\"inLanguage\":\"it-IT\",\"potentialAction\":[{\"@type\":\"CommentAction\",\"name\":\"Comment\",\"target\":[\"https:\\\/\\\/actide.com\\\/it\\\/istituto-neurologico-carlo-besta\\\/#respond\"]}]},{\"@type\":\"WebPage\",\"@id\":\"https:\\\/\\\/actide.com\\\/it\\\/istituto-neurologico-carlo-besta\\\/\",\"url\":\"https:\\\/\\\/actide.com\\\/it\\\/istituto-neurologico-carlo-besta\\\/\",\"name\":\"Istituto Neurologico Carlo Besta | Nubilaria Actide\",\"isPartOf\":{\"@id\":\"https:\\\/\\\/actide.com\\\/it\\\/#website\"},\"primaryImageOfPage\":{\"@id\":\"https:\\\/\\\/actide.com\\\/it\\\/istituto-neurologico-carlo-besta\\\/#primaryimage\"},\"image\":{\"@id\":\"https:\\\/\\\/actide.com\\\/it\\\/istituto-neurologico-carlo-besta\\\/#primaryimage\"},\"thumbnailUrl\":\"https:\\\/\\\/actide.com\\\/wp-content\\\/uploads\\\/2024\\\/01\\\/carlo-besta-banner-desktop-1440.webp\",\"datePublished\":\"2024-01-31T09:57:12+00:00\",\"dateModified\":\"2026-04-08T08:29:25+00:00\",\"description\":\"ACTide come soluzione per l\u2019Istituto Neurologico Carlo Besta. Coinvolti medici e specialisti per monitorare e semplificare le cure sulla demenza.\",\"breadcrumb\":{\"@id\":\"https:\\\/\\\/actide.com\\\/it\\\/istituto-neurologico-carlo-besta\\\/#breadcrumb\"},\"inLanguage\":\"it-IT\",\"potentialAction\":[{\"@type\":\"ReadAction\",\"target\":[\"https:\\\/\\\/actide.com\\\/it\\\/istituto-neurologico-carlo-besta\\\/\"]}]},{\"@type\":\"ImageObject\",\"inLanguage\":\"it-IT\",\"@id\":\"https:\\\/\\\/actide.com\\\/it\\\/istituto-neurologico-carlo-besta\\\/#primaryimage\",\"url\":\"https:\\\/\\\/actide.com\\\/wp-content\\\/uploads\\\/2024\\\/01\\\/carlo-besta-banner-desktop-1440.webp\",\"contentUrl\":\"https:\\\/\\\/actide.com\\\/wp-content\\\/uploads\\\/2024\\\/01\\\/carlo-besta-banner-desktop-1440.webp\",\"width\":1440,\"height\":450},{\"@type\":\"BreadcrumbList\",\"@id\":\"https:\\\/\\\/actide.com\\\/it\\\/istituto-neurologico-carlo-besta\\\/#breadcrumb\",\"itemListElement\":[{\"@type\":\"ListItem\",\"position\":1,\"name\":\"Home\",\"item\":\"https:\\\/\\\/actide.com\\\/it\\\/\"},{\"@type\":\"ListItem\",\"position\":2,\"name\":\"Istituto Neurologico Carlo Besta\"}]},{\"@type\":\"WebSite\",\"@id\":\"https:\\\/\\\/actide.com\\\/it\\\/#website\",\"url\":\"https:\\\/\\\/actide.com\\\/it\\\/\",\"name\":\"Nubilaria ACTide: eCRF-EDC-Clinical DM-eTMF-ePRO-RemoteSDV\",\"description\":\"Designer, eCRF, ePRO, eTMF, CRA Tools, Data Management Tools &amp; Services, Safety Tool, Project Management Tools, RTSM\",\"publisher\":{\"@id\":\"https:\\\/\\\/actide.com\\\/it\\\/#organization\"},\"potentialAction\":[{\"@type\":\"SearchAction\",\"target\":{\"@type\":\"EntryPoint\",\"urlTemplate\":\"https:\\\/\\\/actide.com\\\/it\\\/?s={search_term_string}\"},\"query-input\":{\"@type\":\"PropertyValueSpecification\",\"valueRequired\":true,\"valueName\":\"search_term_string\"}}],\"inLanguage\":\"it-IT\"},{\"@type\":\"Organization\",\"@id\":\"https:\\\/\\\/actide.com\\\/it\\\/#organization\",\"name\":\"Nubilaria Srl\",\"url\":\"https:\\\/\\\/actide.com\\\/it\\\/\",\"logo\":{\"@type\":\"ImageObject\",\"inLanguage\":\"it-IT\",\"@id\":\"https:\\\/\\\/actide.com\\\/it\\\/#\\\/schema\\\/logo\\\/image\\\/\",\"url\":\"https:\\\/\\\/actide.com\\\/wp-content\\\/uploads\\\/2021\\\/05\\\/nubilaria_logo.svg\",\"contentUrl\":\"https:\\\/\\\/actide.com\\\/wp-content\\\/uploads\\\/2021\\\/05\\\/nubilaria_logo.svg\",\"width\":60,\"height\":50,\"caption\":\"Nubilaria Srl\"},\"image\":{\"@id\":\"https:\\\/\\\/actide.com\\\/it\\\/#\\\/schema\\\/logo\\\/image\\\/\"},\"sameAs\":[\"https:\\\/\\\/x.com\\\/ACTide_ecrf\",\"https:\\\/\\\/www.linkedin.com\\\/showcase\\\/nubilariaactide\\\/\",\"https:\\\/\\\/www.youtube.com\\\/channel\\\/UCWCsdk_EUVd-5PhmZczz8kQ\"]},{\"@type\":\"Person\",\"@id\":\"https:\\\/\\\/actide.com\\\/it\\\/#\\\/schema\\\/person\\\/65d2e879f0835b0039d4c099936d15ee\",\"name\":\"Matteo Carnelli\",\"image\":{\"@type\":\"ImageObject\",\"inLanguage\":\"it-IT\",\"@id\":\"https:\\\/\\\/secure.gravatar.com\\\/avatar\\\/1e862f935befe25f303019cdd589a7f443915552cfc5aa7a4d364f7ab9446cb0?s=96&d=mm&r=g\",\"url\":\"https:\\\/\\\/secure.gravatar.com\\\/avatar\\\/1e862f935befe25f303019cdd589a7f443915552cfc5aa7a4d364f7ab9446cb0?s=96&d=mm&r=g\",\"contentUrl\":\"https:\\\/\\\/secure.gravatar.com\\\/avatar\\\/1e862f935befe25f303019cdd589a7f443915552cfc5aa7a4d364f7ab9446cb0?s=96&d=mm&r=g\",\"caption\":\"Matteo Carnelli\"}}]}<\/script>\n<!-- \/ Yoast SEO plugin. -->","yoast_head_json":{"title":"Istituto Neurologico Carlo Besta | Nubilaria Actide","description":"ACTide come soluzione per l\u2019Istituto Neurologico Carlo Besta. Coinvolti medici e specialisti per monitorare e semplificare le cure sulla demenza.","robots":{"index":"index","follow":"follow","max-snippet":"max-snippet:-1","max-image-preview":"max-image-preview:large","max-video-preview":"max-video-preview:-1"},"canonical":"https:\/\/actide.com\/it\/istituto-neurologico-carlo-besta\/","og_locale":"it_IT","og_type":"article","og_title":"Istituto Neurologico Carlo Besta | Nubilaria Actide","og_description":"ACTide come soluzione per l\u2019Istituto Neurologico Carlo Besta. Coinvolti medici e specialisti per monitorare e semplificare le cure sulla demenza.","og_url":"https:\/\/actide.com\/it\/istituto-neurologico-carlo-besta\/","og_site_name":"Nubilaria Actide","article_published_time":"2024-01-31T09:57:12+00:00","article_modified_time":"2026-04-08T08:29:25+00:00","og_image":[{"width":1440,"height":450,"url":"https:\/\/actide.com\/wp-content\/uploads\/2024\/01\/carlo-besta-banner-desktop-1440.webp","type":"image\/webp"}],"author":"Matteo Carnelli","twitter_card":"summary_large_image","twitter_creator":"@ACTide_ecrf","twitter_site":"@ACTide_ecrf","twitter_misc":{"Scritto da":"Matteo Carnelli","Tempo di lettura stimato":"4 minuti"},"schema":{"@context":"https:\/\/schema.org","@graph":[{"@type":"Article","@id":"https:\/\/actide.com\/it\/istituto-neurologico-carlo-besta\/#article","isPartOf":{"@id":"https:\/\/actide.com\/it\/istituto-neurologico-carlo-besta\/"},"author":{"name":"Matteo Carnelli","@id":"https:\/\/actide.com\/it\/#\/schema\/person\/65d2e879f0835b0039d4c099936d15ee"},"headline":"Istituto Neurologico Carlo Besta","datePublished":"2024-01-31T09:57:12+00:00","dateModified":"2026-04-08T08:29:25+00:00","mainEntityOfPage":{"@id":"https:\/\/actide.com\/it\/istituto-neurologico-carlo-besta\/"},"wordCount":842,"commentCount":0,"publisher":{"@id":"https:\/\/actide.com\/it\/#organization"},"image":{"@id":"https:\/\/actide.com\/it\/istituto-neurologico-carlo-besta\/#primaryimage"},"thumbnailUrl":"https:\/\/actide.com\/wp-content\/uploads\/2024\/01\/carlo-besta-banner-desktop-1440.webp","articleSection":["Casi Studio"],"inLanguage":"it-IT","potentialAction":[{"@type":"CommentAction","name":"Comment","target":["https:\/\/actide.com\/it\/istituto-neurologico-carlo-besta\/#respond"]}]},{"@type":"WebPage","@id":"https:\/\/actide.com\/it\/istituto-neurologico-carlo-besta\/","url":"https:\/\/actide.com\/it\/istituto-neurologico-carlo-besta\/","name":"Istituto Neurologico Carlo Besta | Nubilaria Actide","isPartOf":{"@id":"https:\/\/actide.com\/it\/#website"},"primaryImageOfPage":{"@id":"https:\/\/actide.com\/it\/istituto-neurologico-carlo-besta\/#primaryimage"},"image":{"@id":"https:\/\/actide.com\/it\/istituto-neurologico-carlo-besta\/#primaryimage"},"thumbnailUrl":"https:\/\/actide.com\/wp-content\/uploads\/2024\/01\/carlo-besta-banner-desktop-1440.webp","datePublished":"2024-01-31T09:57:12+00:00","dateModified":"2026-04-08T08:29:25+00:00","description":"ACTide come soluzione per l\u2019Istituto Neurologico Carlo Besta. Coinvolti medici e specialisti per monitorare e semplificare le cure sulla demenza.","breadcrumb":{"@id":"https:\/\/actide.com\/it\/istituto-neurologico-carlo-besta\/#breadcrumb"},"inLanguage":"it-IT","potentialAction":[{"@type":"ReadAction","target":["https:\/\/actide.com\/it\/istituto-neurologico-carlo-besta\/"]}]},{"@type":"ImageObject","inLanguage":"it-IT","@id":"https:\/\/actide.com\/it\/istituto-neurologico-carlo-besta\/#primaryimage","url":"https:\/\/actide.com\/wp-content\/uploads\/2024\/01\/carlo-besta-banner-desktop-1440.webp","contentUrl":"https:\/\/actide.com\/wp-content\/uploads\/2024\/01\/carlo-besta-banner-desktop-1440.webp","width":1440,"height":450},{"@type":"BreadcrumbList","@id":"https:\/\/actide.com\/it\/istituto-neurologico-carlo-besta\/#breadcrumb","itemListElement":[{"@type":"ListItem","position":1,"name":"Home","item":"https:\/\/actide.com\/it\/"},{"@type":"ListItem","position":2,"name":"Istituto Neurologico Carlo Besta"}]},{"@type":"WebSite","@id":"https:\/\/actide.com\/it\/#website","url":"https:\/\/actide.com\/it\/","name":"Nubilaria ACTide: eCRF-EDC-Clinical DM-eTMF-ePRO-RemoteSDV","description":"Designer, eCRF, ePRO, eTMF, CRA Tools, Data Management Tools &amp; Services, Safety Tool, Project Management Tools, RTSM","publisher":{"@id":"https:\/\/actide.com\/it\/#organization"},"potentialAction":[{"@type":"SearchAction","target":{"@type":"EntryPoint","urlTemplate":"https:\/\/actide.com\/it\/?s={search_term_string}"},"query-input":{"@type":"PropertyValueSpecification","valueRequired":true,"valueName":"search_term_string"}}],"inLanguage":"it-IT"},{"@type":"Organization","@id":"https:\/\/actide.com\/it\/#organization","name":"Nubilaria Srl","url":"https:\/\/actide.com\/it\/","logo":{"@type":"ImageObject","inLanguage":"it-IT","@id":"https:\/\/actide.com\/it\/#\/schema\/logo\/image\/","url":"https:\/\/actide.com\/wp-content\/uploads\/2021\/05\/nubilaria_logo.svg","contentUrl":"https:\/\/actide.com\/wp-content\/uploads\/2021\/05\/nubilaria_logo.svg","width":60,"height":50,"caption":"Nubilaria Srl"},"image":{"@id":"https:\/\/actide.com\/it\/#\/schema\/logo\/image\/"},"sameAs":["https:\/\/x.com\/ACTide_ecrf","https:\/\/www.linkedin.com\/showcase\/nubilariaactide\/","https:\/\/www.youtube.com\/channel\/UCWCsdk_EUVd-5PhmZczz8kQ"]},{"@type":"Person","@id":"https:\/\/actide.com\/it\/#\/schema\/person\/65d2e879f0835b0039d4c099936d15ee","name":"Matteo Carnelli","image":{"@type":"ImageObject","inLanguage":"it-IT","@id":"https:\/\/secure.gravatar.com\/avatar\/1e862f935befe25f303019cdd589a7f443915552cfc5aa7a4d364f7ab9446cb0?s=96&d=mm&r=g","url":"https:\/\/secure.gravatar.com\/avatar\/1e862f935befe25f303019cdd589a7f443915552cfc5aa7a4d364f7ab9446cb0?s=96&d=mm&r=g","contentUrl":"https:\/\/secure.gravatar.com\/avatar\/1e862f935befe25f303019cdd589a7f443915552cfc5aa7a4d364f7ab9446cb0?s=96&d=mm&r=g","caption":"Matteo Carnelli"}}]}},"_links":{"self":[{"href":"https:\/\/actide.com\/it\/wp-json\/wp\/v2\/posts\/7392","targetHints":{"allow":["GET"]}}],"collection":[{"href":"https:\/\/actide.com\/it\/wp-json\/wp\/v2\/posts"}],"about":[{"href":"https:\/\/actide.com\/it\/wp-json\/wp\/v2\/types\/post"}],"author":[{"embeddable":true,"href":"https:\/\/actide.com\/it\/wp-json\/wp\/v2\/users\/3"}],"replies":[{"embeddable":true,"href":"https:\/\/actide.com\/it\/wp-json\/wp\/v2\/comments?post=7392"}],"version-history":[{"count":1,"href":"https:\/\/actide.com\/it\/wp-json\/wp\/v2\/posts\/7392\/revisions"}],"predecessor-version":[{"id":7393,"href":"https:\/\/actide.com\/it\/wp-json\/wp\/v2\/posts\/7392\/revisions\/7393"}],"wp:featuredmedia":[{"embeddable":true,"href":"https:\/\/actide.com\/it\/wp-json\/wp\/v2\/media\/7223"}],"wp:attachment":[{"href":"https:\/\/actide.com\/it\/wp-json\/wp\/v2\/media?parent=7392"}],"wp:term":[{"taxonomy":"category","embeddable":true,"href":"https:\/\/actide.com\/it\/wp-json\/wp\/v2\/categories?post=7392"},{"taxonomy":"post_tag","embeddable":true,"href":"https:\/\/actide.com\/it\/wp-json\/wp\/v2\/tags?post=7392"}],"curies":[{"name":"wp","href":"https:\/\/api.w.org\/{rel}","templated":true}]}}